{"id":518,"date":"2010-01-08T11:00:31","date_gmt":"2010-01-08T11:00:31","guid":{"rendered":"http:\/\/127.0.0.1:4001\/wordpress\/?p=119"},"modified":"2024-11-15T14:14:59","modified_gmt":"2024-11-15T14:14:59","slug":"le-silence-sous-lecorce","status":"publish","type":"post","link":"https:\/\/joannalurie.com\/?p=518","title":{"rendered":"Le silence sous l&rsquo;\u00e9corce"},"content":{"rendered":"<ul>\n<li>Court m\u00e9trage r\u00e9alis\u00e9 en 2010<\/li>\n<li><span style=\"color: #ff6600;\">Production :<\/span> Lardux Films<\/li>\n<li><span style=\"color: #ff6600;\">Soutenu <\/span>par le CNC, la r\u00e9gion Poitou Charentes<\/li>\n<li><span style=\"color: #ff6600;\">Techniques mixtes<\/span> 2d\/3d<\/li>\n<\/ul>\n<p><iframe loading=\"lazy\" src=\"https:\/\/player.vimeo.com\/video\/17794275?title=0&amp;byline=0&amp;portrait=0\" width=\"640\" height=\"360\" frameborder=\"0\" allowfullscreen=\"allowfullscreen\"><\/iframe><\/p>\n<p>Pour consulter le <a href=\"http:\/\/www.clermont-filmfest.com\/03_pole_regional\/11_medias\/611_DossierGraphique.pdf\" target=\"_blank\" rel=\"noopener noreferrer\"><em>dossier graphique<\/em><\/a><\/p>\n<p>Article sur \u00ab\u00a0l&rsquo;<em><a href=\"https:\/\/joannalurie.com\/?page_id=1175\">Animation Reporter\u00a0\u00bb<\/a><\/em><\/p>\n<p><\/p>\n<pre class=\"wp-block-preformatted is-layout-flex wp-container-core-columns-is-layout-9d6595d7 wp-block-columns-is-layout-flex\">&nbsp;<\/pre>\n<p><\/p>\n<p style=\"text-align: center;\"><span style=\"color: #ff6600;\"><strong>Prix<\/strong><\/span><\/p>\n<ul>\n<li style=\"text-align: left;\">2011 short listed for the <strong>OSCARS<\/strong><\/li>\n<li style=\"text-align: left;\"><span style=\"text-indent: 0em;\">2011 nominated at the <\/span><strong style=\"text-indent: 0em;\">FLICKERFEST FESTIVAL<\/strong><span style=\"text-indent: 0em;\"> of Sydney<\/span><\/li>\n<li style=\"text-align: left;\"><span style=\"text-indent: 0em;\">2010 Nominated at the <\/span><strong style=\"text-indent: 0em;\">ANNECY ANIMATION FESTIVAL<\/strong><\/li>\n<\/ul>\n<p>&nbsp;<!--\/codes_iframe--><\/p>\n\n\n<div class=\"wp-block-columns is-layout-flex wp-container-core-columns-is-layout-9d6595d7 wp-block-columns-is-layout-flex\">\n<div class=\"wp-block-column is-layout-flow wp-block-column-is-layout-flow\" style=\"flex-basis:100%\">\n<figure class=\"wp-block-table is-style-stripes\"><table class=\"has-sitetext-color has-sitebg-background-color has-text-color has-background\"><tbody><tr><td class=\"has-text-align-center\" data-align=\"center\">2011<br><strong>FARGO FILM FESTIVAL<\/strong><br>(Dakota\/USA)<br>\u2026\u2026\u2026\u2026\u2026\u2026\u2026\u2026\u2026\u2026\u2026\u2026\u2026\u2026\u2026\u2026\u2026\u2026.<br>best animation price \u00a0<\/td><td class=\"has-text-align-center\" data-align=\"center\">2010<br><strong>LUCAS FILMS<\/strong><br>(Francfort\/Allemagne)<br>\u2026\u2026\u2026\u2026\u2026\u2026\u2026\u2026\u2026\u2026\u2026\u2026\u2026\u2026\u2026\u2026\u2026\u2026.<br>Prix du jury\u00a0<\/td><td class=\"has-text-align-center\" data-align=\"center\">2010<br><strong>WORLD WIDE SHORT FILM<\/strong><br>(Toronto\/Canada)<br>\u2026\u2026\u2026\u2026\u2026\u2026\u2026\u2026\u2026\u2026\u2026\u2026\u2026\u2026\u2026\u2026\u2026\u2026.<br>prix du jury \u00a0<\/td><\/tr><tr><td class=\"has-text-align-center\" data-align=\"center\">2010<br><strong>LES NUITS MAGIQUES<\/strong><br>(B\u00e8gles\/France)<br>\u2026\u2026\u2026\u2026\u2026\u2026\u2026\u2026\u2026\u2026\u2026\u2026\u2026\u2026\u2026\u2026\u2026\u2026.<br>prix du public<\/td><td class=\"has-text-align-center\" data-align=\"center\">2007<br><strong>FESTIVAL INTERNATIONAL DU FILM D\u2019ANIMATION<\/strong><br>(Annecy\/France)<br>\u2026\u2026\u2026\u2026\u2026\u2026\u2026\u2026\u2026\u2026\u2026\u2026\u2026\u2026\u2026\u2026\u2026\u2026.<br>jury price (concours de projet)<\/td><td class=\"has-text-align-center\" data-align=\"center\">2010<br><strong>VIII INTERNATIONAL FESTIVAL of ANIMATIONS ARTS \u201cMULTIVISION\u201d<\/strong><br>(St Petersburg)<br>\u2026\u2026\u2026\u2026\u2026\u2026\u2026\u2026\u2026\u2026\u2026\u2026\u2026\u2026\u2026\u2026\u2026\u2026.<br>best visual imagery \u00a0<\/td><\/tr><tr><td class=\"has-text-align-center\" data-align=\"center\">2011<br><strong>FESTIVAL DU FILM MERVEILLEUX<\/strong><br>(Paris\/France)<br>\u2026\u2026\u2026\u2026\u2026\u2026\u2026\u2026\u2026\u2026\u2026\u2026\u2026\u2026\u2026\u2026\u2026\u2026.<br>best short film\u00a0<\/td><td class=\"has-text-align-center\" data-align=\"center\">2010<br><strong>MON PREMIER FESTIVAL<\/strong><br>avec les films du pr\u00e9au (Paris\/France)<br>\u2026\u2026\u2026\u2026\u2026\u2026\u2026\u2026\u2026\u2026\u2026\u2026\u2026\u2026\u2026\u2026\u2026\u2026.<br>public price\u00a0<\/td><td class=\"has-text-align-center\" data-align=\"center\">2011<br><strong>TROIS JOURS TRES COURTS<\/strong><br>(Castres\/France)<br>\u2026\u2026\u2026\u2026\u2026\u2026\u2026\u2026\u2026\u2026\u2026\u2026\u2026\u2026\u2026\u2026\u2026\u2026.<br>jury price<\/td><\/tr><tr><td class=\"has-text-align-center\" data-align=\"center\">2012<br><strong>TRICKY WOMEN FESTIVAL<\/strong><br>(Vienna)<br>\u2026\u2026\u2026\u2026\u2026\u2026\u2026\u2026\u2026\u2026\u2026\u2026\u2026\u2026\u2026\u2026\u2026\u2026.<br>Audience Award\u00a0<\/td><td class=\"has-text-align-center\" data-align=\"center\">2011<br><strong>ANIMAX SKOPJE<\/strong><br>(Macedoine)<br>\u2026\u2026\u2026\u2026\u2026\u2026\u2026\u2026\u2026\u2026\u2026\u2026\u2026\u2026\u2026\u2026\u2026\u2026.<br>third price \u00a0<\/td><td class=\"has-text-align-center\" data-align=\"center\">2010<br><strong>MIROIRS AMOVIBLES<\/strong><br>(Vosges\/France)<br>\u2026\u2026\u2026\u2026\u2026\u2026\u2026\u2026\u2026\u2026\u2026\u2026\u2026\u2026\u2026\u2026\u2026\u2026.<br>prix du jury\u00a0<\/td><\/tr><tr><td class=\"has-text-align-center\" data-align=\"center\">2010<br><strong>CINEMA D\u2019ICI ET D\u2019AILLEURS<\/strong><br>(Sainte Livrade\/France)<br>\u2026\u2026\u2026\u2026\u2026\u2026\u2026\u2026\u2026\u2026\u2026\u2026\u2026\u2026\u2026\u2026\u2026\u2026.<br>prix du public<\/td><td class=\"has-text-align-center\" data-align=\"center\">2013<br><strong>ART MONASTERY SHORT FILMS FESTIVAL<\/strong><br>(Italy)<br>\u2026\u2026\u2026\u2026\u2026\u2026\u2026\u2026\u2026\u2026\u2026\u2026\u2026\u2026\u2026\u2026\u2026\u2026.<br>public price<\/td><td class=\"has-text-align-center\" data-align=\"center\"><\/td><\/tr><\/tbody><\/table><\/figure>\n<\/div>\n<\/div>\n","protected":false},"excerpt":{"rendered":"","protected":false},"author":1,"featured_media":772,"comment_status":"closed","ping_status":"closed","sticky":false,"template":"","format":"standard","meta":{"ngg_post_thumbnail":0,"footnotes":""},"categories":[5,36,34],"tags":[],"class_list":["post-518","post","type-post","status-publish","format-standard","has-post-thumbnail","hentry","category-parent-category-i","category-realisation","category-accueil"],"_links":{"self":[{"href":"https:\/\/joannalurie.com\/index.php?rest_route=\/wp\/v2\/posts\/518","targetHints":{"allow":["GET"]}}],"collection":[{"href":"https:\/\/joannalurie.com\/index.php?rest_route=\/wp\/v2\/posts"}],"about":[{"href":"https:\/\/joannalurie.com\/index.php?rest_route=\/wp\/v2\/types\/post"}],"author":[{"embeddable":true,"href":"https:\/\/joannalurie.com\/index.php?rest_route=\/wp\/v2\/users\/1"}],"replies":[{"embeddable":true,"href":"https:\/\/joannalurie.com\/index.php?rest_route=%2Fwp%2Fv2%2Fcomments&post=518"}],"version-history":[{"count":13,"href":"https:\/\/joannalurie.com\/index.php?rest_route=\/wp\/v2\/posts\/518\/revisions"}],"predecessor-version":[{"id":9978,"href":"https:\/\/joannalurie.com\/index.php?rest_route=\/wp\/v2\/posts\/518\/revisions\/9978"}],"wp:featuredmedia":[{"embeddable":true,"href":"https:\/\/joannalurie.com\/index.php?rest_route=\/wp\/v2\/media\/772"}],"wp:attachment":[{"href":"https:\/\/joannalurie.com\/index.php?rest_route=%2Fwp%2Fv2%2Fmedia&parent=518"}],"wp:term":[{"taxonomy":"category","embeddable":true,"href":"https:\/\/joannalurie.com\/index.php?rest_route=%2Fwp%2Fv2%2Fcategories&post=518"},{"taxonomy":"post_tag","embeddable":true,"href":"https:\/\/joannalurie.com\/index.php?rest_route=%2Fwp%2Fv2%2Ftags&post=518"}],"curies":[{"name":"wp","href":"https:\/\/api.w.org\/{rel}","templated":true}]}}